{"id":2740,"date":"2025-02-20T16:02:28","date_gmt":"2025-02-20T13:02:28","guid":{"rendered":"https:\/\/www.saricakaya.bel.tr\/?p=2740"},"modified":"2025-02-20T16:02:28","modified_gmt":"2025-02-20T13:02:28","slug":"kalina-hayirli-olsun-ziyareti","status":"publish","type":"post","link":"https:\/\/www.saricakaya.bel.tr\/?p=2740","title":{"rendered":"Kal\u0131n&#8217;a Hay\u0131rl\u0131 Olsun ziyareti"},"content":{"rendered":"<p>Belediye Ba\u015fkan\u0131m\u0131z Ahmet D\u00f6nmez Gen\u00e7lik Spor \u0130l M\u00fcd\u00fcr\u00fc Hasan Kal\u0131n&#8217;a hay\u0131rl\u0131 olsun ziyaretinde bulundu. Ziyarette ayr\u0131ca il\u00e7emizde ortak y\u00fcr\u00fct\u00fclebilecek gen\u00e7lik hizmetleri ve sportif faaliyetler ile ilgili \u00e7al\u0131\u015fmalar de\u011ferlendirildi.<\/p>\n\n\t\t<style type=\"text\/css\">\n\t\t\t#gallery-1 {\n\t\t\t\tmargin: auto;\n\t\t\t}\n\t\t\t#gallery-1 .gallery-item {\n\t\t\t\tfloat: left;\n\t\t\t\tmargin-top: 10px;\n\t\t\t\ttext-align: center;\n\t\t\t\twidth: 100%;\n\t\t\t}\n\t\t\t#gallery-1 img {\n\t\t\t\tborder: 2px solid #cfcfcf;\n\t\t\t}\n\t\t\t#gallery-1 .gallery-caption {\n\t\t\t\tmargin-left: 0;\n\t\t\t}\n\t\t\t\/* see gallery_shortcode() in wp-includes\/media.php *\/\n\t\t<\/style>\n\t\t<div id='gallery-1' class='gallery galleryid-2740 gallery-columns-1 gallery-size-medium'><dl class='gallery-item'>\n\t\t\t<dt class='gallery-icon portrait'>\n\t\t\t\t<img loading=\"lazy\" decoding=\"async\" width=\"248\" height=\"330\" src=\"https:\/\/www.saricakaya.bel.tr\/wp-content\/uploads\/2025\/02\/470663607_1019479316871438_6493957140434223464_n-248x330.jpg\" class=\"attachment-medium size-medium\" alt=\"\" srcset=\"https:\/\/www.saricakaya.bel.tr\/wp-content\/uploads\/2025\/02\/470663607_1019479316871438_6493957140434223464_n-248x330.jpg 248w, https:\/\/www.saricakaya.bel.tr\/wp-content\/uploads\/2025\/02\/470663607_1019479316871438_6493957140434223464_n-330x440.jpg 330w, https:\/\/www.saricakaya.bel.tr\/wp-content\/uploads\/2025\/02\/470663607_1019479316871438_6493957140434223464_n-768x1024.jpg 768w, https:\/\/www.saricakaya.bel.tr\/wp-content\/uploads\/2025\/02\/470663607_1019479316871438_6493957140434223464_n-1152x1536.jpg 1152w, https:\/\/www.saricakaya.bel.tr\/wp-content\/uploads\/2025\/02\/470663607_1019479316871438_6493957140434223464_n.jpg 1536w\" sizes=\"auto, (max-width: 248px) 100vw, 248px\" \/>\n\t\t\t<\/dt><\/dl><br style=\"clear: both\" \/>\n\t\t<\/div>\n\n<p>&nbsp;<\/p>\n","protected":false},"excerpt":{"rendered":"<p>Belediye Ba\u015fkan\u0131m\u0131z Ahmet D\u00f6nmez Gen\u00e7lik Spor \u0130l M\u00fcd\u00fcr\u00fc Hasan Kal\u0131n&#8217;a hay\u0131rl\u0131 olsun ziyaretinde bulundu. Ziyarette ayr\u0131ca il\u00e7emizde ortak y\u00fcr\u00fct\u00fclebilecek gen\u00e7lik hizmetleri ve sportif faaliyetler ile ilgili \u00e7al\u0131\u015fmalar de\u011ferlendirildi. &nbsp;<\/p>\n","protected":false},"author":1,"featured_media":2741,"comment_status":"open","ping_status":"closed","sticky":false,"template":"","format":"standard","meta":{"footnotes":""},"categories":[2],"tags":[],"class_list":["post-2740","post","type-post","status-publish","format-standard","has-post-thumbnail","hentry","category-haber"],"magazineBlocksPostFeaturedMedia":{"thumbnail":"https:\/\/www.saricakaya.bel.tr\/wp-content\/uploads\/2025\/02\/470663607_1019479316871438_6493957140434223464_n-555x360.jpg","medium":"https:\/\/www.saricakaya.bel.tr\/wp-content\/uploads\/2025\/02\/470663607_1019479316871438_6493957140434223464_n-248x330.jpg","medium_large":"https:\/\/www.saricakaya.bel.tr\/wp-content\/uploads\/2025\/02\/470663607_1019479316871438_6493957140434223464_n-768x1024.jpg","large":"https:\/\/www.saricakaya.bel.tr\/wp-content\/uploads\/2025\/02\/470663607_1019479316871438_6493957140434223464_n-330x440.jpg","1536x1536":"https:\/\/www.saricakaya.bel.tr\/wp-content\/uploads\/2025\/02\/470663607_1019479316871438_6493957140434223464_n-1152x1536.jpg","2048x2048":"https:\/\/www.saricakaya.bel.tr\/wp-content\/uploads\/2025\/02\/470663607_1019479316871438_6493957140434223464_n.jpg"},"magazineBlocksPostAuthor":{"name":"saricakaya_basin","avatar":"https:\/\/secure.gravatar.com\/avatar\/f477459666d29c7d055fb47d561b67468c119cc769b9f5b294636e811d1a576c?s=96&d=mm&r=g"},"magazineBlocksPostCommentsNumber":"0","magazineBlocksPostExcerpt":"Belediye Ba\u015fkan\u0131m\u0131z Ahmet D\u00f6nmez Gen\u00e7lik Spor \u0130l M\u00fcd\u00fcr\u00fc Hasan Kal\u0131n&#8217;a hay\u0131rl\u0131 olsun ziyaretinde bulundu. Ziyarette ayr\u0131ca il\u00e7emizde ortak y\u00fcr\u00fct\u00fclebilecek gen\u00e7lik hizmetleri ve sportif faaliyetler ile ilgili \u00e7al\u0131\u015fmalar de\u011ferlendirildi. &nbsp;","magazineBlocksPostCategories":["Haberler"],"magazineBlocksPostViewCount":618,"magazineBlocksPostReadTime":1,"magazine_blocks_featured_image_url":{"full":["https:\/\/www.saricakaya.bel.tr\/wp-content\/uploads\/2025\/02\/470663607_1019479316871438_6493957140434223464_n.jpg",1536,2048,false],"medium":["https:\/\/www.saricakaya.bel.tr\/wp-content\/uploads\/2025\/02\/470663607_1019479316871438_6493957140434223464_n-248x330.jpg",248,330,true],"thumbnail":["https:\/\/www.saricakaya.bel.tr\/wp-content\/uploads\/2025\/02\/470663607_1019479316871438_6493957140434223464_n-555x360.jpg",555,360,true]},"magazine_blocks_author":{"display_name":"saricakaya_basin","author_link":"https:\/\/www.saricakaya.bel.tr\/?author=1"},"magazine_blocks_comment":0,"magazine_blocks_author_image":"https:\/\/secure.gravatar.com\/avatar\/f477459666d29c7d055fb47d561b67468c119cc769b9f5b294636e811d1a576c?s=96&d=mm&r=g","magazine_blocks_category":"<a href=\"https:\/\/www.saricakaya.bel.tr\/?cat=2\" rel=\"category\">Haberler<\/a>","_links":{"self":[{"href":"https:\/\/www.saricakaya.bel.tr\/index.php?rest_route=\/wp\/v2\/posts\/2740","targetHints":{"allow":["GET"]}}],"collection":[{"href":"https:\/\/www.saricakaya.bel.tr\/index.php?rest_route=\/wp\/v2\/posts"}],"about":[{"href":"https:\/\/www.saricakaya.bel.tr\/index.php?rest_route=\/wp\/v2\/types\/post"}],"author":[{"embeddable":true,"href":"https:\/\/www.saricakaya.bel.tr\/index.php?rest_route=\/wp\/v2\/users\/1"}],"replies":[{"embeddable":true,"href":"https:\/\/www.saricakaya.bel.tr\/index.php?rest_route=%2Fwp%2Fv2%2Fcomments&post=2740"}],"version-history":[{"count":1,"href":"https:\/\/www.saricakaya.bel.tr\/index.php?rest_route=\/wp\/v2\/posts\/2740\/revisions"}],"predecessor-version":[{"id":2742,"href":"https:\/\/www.saricakaya.bel.tr\/index.php?rest_route=\/wp\/v2\/posts\/2740\/revisions\/2742"}],"wp:featuredmedia":[{"embeddable":true,"href":"https:\/\/www.saricakaya.bel.tr\/index.php?rest_route=\/wp\/v2\/media\/2741"}],"wp:attachment":[{"href":"https:\/\/www.saricakaya.bel.tr\/index.php?rest_route=%2Fwp%2Fv2%2Fmedia&parent=2740"}],"wp:term":[{"taxonomy":"category","embeddable":true,"href":"https:\/\/www.saricakaya.bel.tr\/index.php?rest_route=%2Fwp%2Fv2%2Fcategories&post=2740"},{"taxonomy":"post_tag","embeddable":true,"href":"https:\/\/www.saricakaya.bel.tr\/index.php?rest_route=%2Fwp%2Fv2%2Ftags&post=2740"}],"curies":[{"name":"wp","href":"https:\/\/api.w.org\/{rel}","templated":true}]}}