{"id":2735,"date":"2025-02-20T15:58:21","date_gmt":"2025-02-20T12:58:21","guid":{"rendered":"https:\/\/www.saricakaya.bel.tr\/?p=2735"},"modified":"2025-02-20T15:59:26","modified_gmt":"2025-02-20T12:59:26","slug":"tarimsal-projeler-degerlendirildi","status":"publish","type":"post","link":"https:\/\/www.saricakaya.bel.tr\/?p=2735","title":{"rendered":"Tar\u0131msal projeler de\u011ferlendirildi"},"content":{"rendered":"<p>Belediye Ba\u015fkan\u0131m\u0131z <span class=\"html-span xdj266r x11i5rnm xat24cr x1mh8g0r xexx8yu x4uap5 x18d9i69 xkhd6sd x1hl2dhg x16tdsg8 x1vvkbs\"><span class=\"xt0psk2\"><span class=\"xjp7ctv\"><span aria-describedby=\":r395:\">Ahmet D\u00f6nmez<\/span><\/span><\/span><\/span> \u0130l Tar\u0131m ve Orman M\u00fcd\u00fcr\u00fc Ender Muhammed G\u00fcm\u00fc\u015f ile bir araya gelerek il\u00e7emizde Tar\u0131msal alanlarda yap\u0131labilecek \u00e7al\u0131\u015fma ve projeleri de\u011ferlendirdi.<\/p>\n\n\t\t<style type=\"text\/css\">\n\t\t\t#gallery-1 {\n\t\t\t\tmargin: auto;\n\t\t\t}\n\t\t\t#gallery-1 .gallery-item {\n\t\t\t\tfloat: left;\n\t\t\t\tmargin-top: 10px;\n\t\t\t\ttext-align: center;\n\t\t\t\twidth: 100%;\n\t\t\t}\n\t\t\t#gallery-1 img {\n\t\t\t\tborder: 2px solid #cfcfcf;\n\t\t\t}\n\t\t\t#gallery-1 .gallery-caption {\n\t\t\t\tmargin-left: 0;\n\t\t\t}\n\t\t\t\/* see gallery_shortcode() in wp-includes\/media.php *\/\n\t\t<\/style>\n\t\t<div id='gallery-1' class='gallery galleryid-2735 gallery-columns-1 gallery-size-medium'><dl class='gallery-item'>\n\t\t\t<dt class='gallery-icon landscape'>\n\t\t\t\t<img loading=\"lazy\" decoding=\"async\" width=\"570\" height=\"321\" src=\"https:\/\/www.saricakaya.bel.tr\/wp-content\/uploads\/2025\/02\/470225396_1018643233621713_1610936252918611597_n-570x321.jpg\" class=\"attachment-medium size-medium\" alt=\"\" srcset=\"https:\/\/www.saricakaya.bel.tr\/wp-content\/uploads\/2025\/02\/470225396_1018643233621713_1610936252918611597_n-570x321.jpg 570w, https:\/\/www.saricakaya.bel.tr\/wp-content\/uploads\/2025\/02\/470225396_1018643233621713_1610936252918611597_n-770x433.jpg 770w, https:\/\/www.saricakaya.bel.tr\/wp-content\/uploads\/2025\/02\/470225396_1018643233621713_1610936252918611597_n-768x432.jpg 768w, https:\/\/www.saricakaya.bel.tr\/wp-content\/uploads\/2025\/02\/470225396_1018643233621713_1610936252918611597_n-1536x864.jpg 1536w, https:\/\/www.saricakaya.bel.tr\/wp-content\/uploads\/2025\/02\/470225396_1018643233621713_1610936252918611597_n.jpg 2048w\" sizes=\"auto, (max-width: 570px) 100vw, 570px\" \/>\n\t\t\t<\/dt><\/dl><br style=\"clear: both\" \/>\n\t\t<\/div>\n\n","protected":false},"excerpt":{"rendered":"<p>Belediye Ba\u015fkan\u0131m\u0131z Ahmet D\u00f6nmez \u0130l Tar\u0131m ve Orman M\u00fcd\u00fcr\u00fc Ender Muhammed G\u00fcm\u00fc\u015f ile bir araya gelerek il\u00e7emizde Tar\u0131msal alanlarda yap\u0131labilecek \u00e7al\u0131\u015fma ve projeleri de\u011ferlendirdi.<\/p>\n","protected":false},"author":1,"featured_media":2736,"comment_status":"open","ping_status":"closed","sticky":false,"template":"","format":"standard","meta":{"footnotes":""},"categories":[2],"tags":[],"class_list":["post-2735","post","type-post","status-publish","format-standard","has-post-thumbnail","hentry","category-haber"],"magazineBlocksPostFeaturedMedia":{"thumbnail":"https:\/\/www.saricakaya.bel.tr\/wp-content\/uploads\/2025\/02\/470225396_1018643233621713_1610936252918611597_n-555x360.jpg","medium":"https:\/\/www.saricakaya.bel.tr\/wp-content\/uploads\/2025\/02\/470225396_1018643233621713_1610936252918611597_n-570x321.jpg","medium_large":"https:\/\/www.saricakaya.bel.tr\/wp-content\/uploads\/2025\/02\/470225396_1018643233621713_1610936252918611597_n-768x432.jpg","large":"https:\/\/www.saricakaya.bel.tr\/wp-content\/uploads\/2025\/02\/470225396_1018643233621713_1610936252918611597_n-770x433.jpg","1536x1536":"https:\/\/www.saricakaya.bel.tr\/wp-content\/uploads\/2025\/02\/470225396_1018643233621713_1610936252918611597_n-1536x864.jpg","2048x2048":"https:\/\/www.saricakaya.bel.tr\/wp-content\/uploads\/2025\/02\/470225396_1018643233621713_1610936252918611597_n.jpg"},"magazineBlocksPostAuthor":{"name":"saricakaya_basin","avatar":"https:\/\/secure.gravatar.com\/avatar\/f477459666d29c7d055fb47d561b67468c119cc769b9f5b294636e811d1a576c?s=96&d=mm&r=g"},"magazineBlocksPostCommentsNumber":"0","magazineBlocksPostExcerpt":"Belediye Ba\u015fkan\u0131m\u0131z Ahmet D\u00f6nmez \u0130l Tar\u0131m ve Orman M\u00fcd\u00fcr\u00fc Ender Muhammed G\u00fcm\u00fc\u015f ile bir araya gelerek il\u00e7emizde Tar\u0131msal alanlarda yap\u0131labilecek \u00e7al\u0131\u015fma ve projeleri de\u011ferlendirdi.","magazineBlocksPostCategories":["Haberler"],"magazineBlocksPostViewCount":539,"magazineBlocksPostReadTime":1,"magazine_blocks_featured_image_url":{"full":["https:\/\/www.saricakaya.bel.tr\/wp-content\/uploads\/2025\/02\/470225396_1018643233621713_1610936252918611597_n.jpg",2048,1152,false],"medium":["https:\/\/www.saricakaya.bel.tr\/wp-content\/uploads\/2025\/02\/470225396_1018643233621713_1610936252918611597_n-570x321.jpg",570,321,true],"thumbnail":["https:\/\/www.saricakaya.bel.tr\/wp-content\/uploads\/2025\/02\/470225396_1018643233621713_1610936252918611597_n-555x360.jpg",555,360,true]},"magazine_blocks_author":{"display_name":"saricakaya_basin","author_link":"https:\/\/www.saricakaya.bel.tr\/?author=1"},"magazine_blocks_comment":0,"magazine_blocks_author_image":"https:\/\/secure.gravatar.com\/avatar\/f477459666d29c7d055fb47d561b67468c119cc769b9f5b294636e811d1a576c?s=96&d=mm&r=g","magazine_blocks_category":"<a href=\"https:\/\/www.saricakaya.bel.tr\/?cat=2\" rel=\"category\">Haberler<\/a>","_links":{"self":[{"href":"https:\/\/www.saricakaya.bel.tr\/index.php?rest_route=\/wp\/v2\/posts\/2735","targetHints":{"allow":["GET"]}}],"collection":[{"href":"https:\/\/www.saricakaya.bel.tr\/index.php?rest_route=\/wp\/v2\/posts"}],"about":[{"href":"https:\/\/www.saricakaya.bel.tr\/index.php?rest_route=\/wp\/v2\/types\/post"}],"author":[{"embeddable":true,"href":"https:\/\/www.saricakaya.bel.tr\/index.php?rest_route=\/wp\/v2\/users\/1"}],"replies":[{"embeddable":true,"href":"https:\/\/www.saricakaya.bel.tr\/index.php?rest_route=%2Fwp%2Fv2%2Fcomments&post=2735"}],"version-history":[{"count":2,"href":"https:\/\/www.saricakaya.bel.tr\/index.php?rest_route=\/wp\/v2\/posts\/2735\/revisions"}],"predecessor-version":[{"id":2739,"href":"https:\/\/www.saricakaya.bel.tr\/index.php?rest_route=\/wp\/v2\/posts\/2735\/revisions\/2739"}],"wp:featuredmedia":[{"embeddable":true,"href":"https:\/\/www.saricakaya.bel.tr\/index.php?rest_route=\/wp\/v2\/media\/2736"}],"wp:attachment":[{"href":"https:\/\/www.saricakaya.bel.tr\/index.php?rest_route=%2Fwp%2Fv2%2Fmedia&parent=2735"}],"wp:term":[{"taxonomy":"category","embeddable":true,"href":"https:\/\/www.saricakaya.bel.tr\/index.php?rest_route=%2Fwp%2Fv2%2Fcategories&post=2735"},{"taxonomy":"post_tag","embeddable":true,"href":"https:\/\/www.saricakaya.bel.tr\/index.php?rest_route=%2Fwp%2Fv2%2Ftags&post=2735"}],"curies":[{"name":"wp","href":"https:\/\/api.w.org\/{rel}","templated":true}]}}