{"id":2712,"date":"2025-02-20T15:30:21","date_gmt":"2025-02-20T12:30:21","guid":{"rendered":"https:\/\/www.saricakaya.bel.tr\/?p=2712"},"modified":"2025-02-20T15:30:21","modified_gmt":"2025-02-20T12:30:21","slug":"cemal-mumtaz-dan-ziyaret","status":"publish","type":"post","link":"https:\/\/www.saricakaya.bel.tr\/?p=2712","title":{"rendered":"Cemal M\u00fcmtaz dan ziyaret"},"content":{"rendered":"<p>Ba\u015far\u0131l\u0131 E\u011fitim Kurumlar\u0131m\u0131zdan Eski\u015fehir Cemal M\u00fcmtaz Sosyal Bilimler Lisesi Okul Y\u00f6netimi ve \u00d6\u011frencileri Belediye Ba\u015fkan\u0131m\u0131z <span class=\"html-span xdj266r x11i5rnm xat24cr x1mh8g0r xexx8yu x4uap5 x18d9i69 xkhd6sd x1hl2dhg x16tdsg8 x1vvkbs\"><span class=\"xt0psk2\"><span class=\"xjp7ctv\"><span aria-describedby=\":r2ue:\">Ahmet<\/span><\/span><\/span><span class=\"xt0psk2\"><span class=\"xjp7ctv\"><span aria-describedby=\":r2ue:\"> D\u00f6nmez<\/span><\/span><\/span><\/span>&#8216;i makam\u0131nda ziyaret etti.<\/p>\n","protected":false},"excerpt":{"rendered":"<p>Ba\u015far\u0131l\u0131 E\u011fitim Kurumlar\u0131m\u0131zdan Eski\u015fehir Cemal M\u00fcmtaz Sosyal Bilimler Lisesi Okul Y\u00f6netimi ve \u00d6\u011frencileri Belediye Ba\u015fkan\u0131m\u0131z Ahmet D\u00f6nmez&#8216;i makam\u0131nda ziyaret etti.<\/p>\n","protected":false},"author":1,"featured_media":2713,"comment_status":"open","ping_status":"closed","sticky":false,"template":"","format":"standard","meta":{"footnotes":""},"categories":[2],"tags":[],"class_list":["post-2712","post","type-post","status-publish","format-standard","has-post-thumbnail","hentry","category-haber"],"magazineBlocksPostFeaturedMedia":{"thumbnail":"https:\/\/www.saricakaya.bel.tr\/wp-content\/uploads\/2025\/02\/cemalmumtaz-555x360.jpg","medium":"https:\/\/www.saricakaya.bel.tr\/wp-content\/uploads\/2025\/02\/cemalmumtaz-440x330.jpg","medium_large":"https:\/\/www.saricakaya.bel.tr\/wp-content\/uploads\/2025\/02\/cemalmumtaz-768x576.jpg","large":"https:\/\/www.saricakaya.bel.tr\/wp-content\/uploads\/2025\/02\/cemalmumtaz-587x440.jpg","1536x1536":"https:\/\/www.saricakaya.bel.tr\/wp-content\/uploads\/2025\/02\/cemalmumtaz-1536x1152.jpg","2048x2048":"https:\/\/www.saricakaya.bel.tr\/wp-content\/uploads\/2025\/02\/cemalmumtaz.jpg"},"magazineBlocksPostAuthor":{"name":"saricakaya_basin","avatar":"https:\/\/secure.gravatar.com\/avatar\/f477459666d29c7d055fb47d561b67468c119cc769b9f5b294636e811d1a576c?s=96&d=mm&r=g"},"magazineBlocksPostCommentsNumber":"0","magazineBlocksPostExcerpt":"Ba\u015far\u0131l\u0131 E\u011fitim Kurumlar\u0131m\u0131zdan Eski\u015fehir Cemal M\u00fcmtaz Sosyal Bilimler Lisesi Okul Y\u00f6netimi ve \u00d6\u011frencileri Belediye Ba\u015fkan\u0131m\u0131z Ahmet D\u00f6nmez&#8216;i makam\u0131nda ziyaret etti.","magazineBlocksPostCategories":["Haberler"],"magazineBlocksPostViewCount":340,"magazineBlocksPostReadTime":1,"magazine_blocks_featured_image_url":{"full":["https:\/\/www.saricakaya.bel.tr\/wp-content\/uploads\/2025\/02\/cemalmumtaz.jpg",2048,1536,false],"medium":["https:\/\/www.saricakaya.bel.tr\/wp-content\/uploads\/2025\/02\/cemalmumtaz-440x330.jpg",440,330,true],"thumbnail":["https:\/\/www.saricakaya.bel.tr\/wp-content\/uploads\/2025\/02\/cemalmumtaz-555x360.jpg",555,360,true]},"magazine_blocks_author":{"display_name":"saricakaya_basin","author_link":"https:\/\/www.saricakaya.bel.tr\/?author=1"},"magazine_blocks_comment":0,"magazine_blocks_author_image":"https:\/\/secure.gravatar.com\/avatar\/f477459666d29c7d055fb47d561b67468c119cc769b9f5b294636e811d1a576c?s=96&d=mm&r=g","magazine_blocks_category":"<a href=\"https:\/\/www.saricakaya.bel.tr\/?cat=2\" rel=\"category\">Haberler<\/a>","_links":{"self":[{"href":"https:\/\/www.saricakaya.bel.tr\/index.php?rest_route=\/wp\/v2\/posts\/2712","targetHints":{"allow":["GET"]}}],"collection":[{"href":"https:\/\/www.saricakaya.bel.tr\/index.php?rest_route=\/wp\/v2\/posts"}],"about":[{"href":"https:\/\/www.saricakaya.bel.tr\/index.php?rest_route=\/wp\/v2\/types\/post"}],"author":[{"embeddable":true,"href":"https:\/\/www.saricakaya.bel.tr\/index.php?rest_route=\/wp\/v2\/users\/1"}],"replies":[{"embeddable":true,"href":"https:\/\/www.saricakaya.bel.tr\/index.php?rest_route=%2Fwp%2Fv2%2Fcomments&post=2712"}],"version-history":[{"count":1,"href":"https:\/\/www.saricakaya.bel.tr\/index.php?rest_route=\/wp\/v2\/posts\/2712\/revisions"}],"predecessor-version":[{"id":2714,"href":"https:\/\/www.saricakaya.bel.tr\/index.php?rest_route=\/wp\/v2\/posts\/2712\/revisions\/2714"}],"wp:featuredmedia":[{"embeddable":true,"href":"https:\/\/www.saricakaya.bel.tr\/index.php?rest_route=\/wp\/v2\/media\/2713"}],"wp:attachment":[{"href":"https:\/\/www.saricakaya.bel.tr\/index.php?rest_route=%2Fwp%2Fv2%2Fmedia&parent=2712"}],"wp:term":[{"taxonomy":"category","embeddable":true,"href":"https:\/\/www.saricakaya.bel.tr\/index.php?rest_route=%2Fwp%2Fv2%2Fcategories&post=2712"},{"taxonomy":"post_tag","embeddable":true,"href":"https:\/\/www.saricakaya.bel.tr\/index.php?rest_route=%2Fwp%2Fv2%2Ftags&post=2712"}],"curies":[{"name":"wp","href":"https:\/\/api.w.org\/{rel}","templated":true}]}}